{"id":3715,"date":"2025-03-20T16:53:45","date_gmt":"2025-03-20T16:53:45","guid":{"rendered":"https:\/\/raquetbol.com.gt\/home\/?p=3715"},"modified":"2025-03-21T18:16:57","modified_gmt":"2025-03-21T18:16:57","slug":"se-define-al-equipo-que-representara-a-guatemala-en-el-xxxvi-campeonato-panamericano","status":"publish","type":"post","link":"https:\/\/raquetbol.com.gt\/home\/2025\/03\/20\/se-define-al-equipo-que-representara-a-guatemala-en-el-xxxvi-campeonato-panamericano\/","title":{"rendered":"Se define al equipo que representar\u00e1 a guatemala en el xxxvi campeonato panamericano"},"content":{"rendered":"\n<p>Nuestro pa\u00eds volver\u00e1 a ser sede del <strong>Campeonato Panamericano de Raquetbol<\/strong>, esta vez en su edici\u00f3n 36, y se disputar\u00e1 entre <strong>el 11 y el 19 de abril<\/strong> en las canchas de la <strong>Asociaci\u00f3n Nacional<\/strong> en la zona 13.<\/p>\n\n\n\n<p>De esa cuenta y cumplido el <strong>Selectivo Nacional<\/strong> durante el mes de marzo, el entrenador del equipo <strong>Ernesto Ochoa<\/strong> ha anunciado la conformaci\u00f3n del equipo que representar\u00e1 a <strong>Guatemala<\/strong> en este <strong>evento<\/strong>.<\/p>\n\n\n\n<p>A los seleccionados nacionales de <strong>Categor\u00eda Mayor<\/strong> como <strong>Ana Gabriela Mart\u00ednez, Mar\u00eda Ren\u00e9e Rodr\u00edguez, Edwin Galicia, Juan Jos\u00e9 Salvatierra<\/strong> y <strong>Jos\u00e9 C\u00e1ceres,<\/strong> se unir\u00e1n en esta ocasi\u00f3n los juveniles <strong>Jamyleth Sipac, Isabella Wer, Paula Aldana, Christian Aldana<\/strong> y <strong>Yordi Navarijo.<\/strong><\/p>\n\n\n\n<p>Adem\u00e1s de competir en los eventos de Categor\u00eda Mayor: <strong>Singles, Dobles y Dobles Mixtos;<\/strong> nuestro pa\u00eds lo har\u00e1 en los Singles para damas y en los Dobles Mixtos para la <strong>Categor\u00eda U16,<\/strong> adem\u00e1s de los <strong>Singles U21<\/strong> para varones.<\/p>\n\n\n\n<p><strong>DAMAS:<\/strong><\/p>\n\n\n\n<p>Ana Gabriela Mart\u00ednez &#8211; Dobles Mixto (Edwin Galicia)<br>Mar\u00eda Ren\u00e9e Rodr\u00edguez &#8211; Singles<br>Jamyleth Sipac &#8211; Singles y Dobles (Isabella Wer)<br>Isabella Wer &#8211; Singles (U16) y Dobles (Jamyleth Sipac)<br>Paula Aldana &#8211; Singles (U16) y Dobles Mixto (Yordi Navarijo) (U16)<\/p>\n\n\n\n<p><strong>VARONES:<\/strong><\/p>\n\n\n\n<p>Edwin Galicia &#8211; Singles y Dobles Mixto (Ana Gabriela Mart\u00ednez)<br>Juan Jos\u00e9 Salvatierra &#8211; Singles y Dobles (Jos\u00e9 C\u00e1ceres)<br>Jos\u00e9 C\u00e1ceres &#8211; Singles y Dobles (Juan Jos\u00e9 Salvatierra)<br>Christian Aldana &#8211; Singles (U21)<br>Yordi Navarijo &#8211; Singles (U16) y Dobles Mixto (Paula Aldana) (U16)<\/p>\n\n\n\n<p><\/p>\n\n\n\n<p><\/p>\n\n\n\n<p><\/p>\n","protected":false},"excerpt":{"rendered":"<p>Nuestro pa\u00eds volver\u00e1 a ser sede del Campeonato Panamericano de Raquetbol, esta vez en su edici\u00f3n 36, y se disputar\u00e1 entre el 11 y el 19 de abril en las canchas de la Asociaci\u00f3n Nacional en la zona 13. De esa cuenta y cumplido el Selectivo Nacional durante el mes de marzo, el entrenador del [&hellip;]<\/p>\n","protected":false},"author":2,"featured_media":3716,"comment_status":"open","ping_status":"open","sticky":false,"template":"","format":"standard","meta":{"_acf_changed":false,"site-sidebar-layout":"default","site-content-layout":"","ast-site-content-layout":"default","site-content-style":"default","site-sidebar-style":"default","ast-global-header-display":"","ast-banner-title-visibility":"","ast-main-header-display":"","ast-hfb-above-header-display":"","ast-hfb-below-header-display":"","ast-hfb-mobile-header-display":"","site-post-title":"","ast-breadcrumbs-content":"","ast-featured-img":"","footer-sml-layout":"","ast-disable-related-posts":"","theme-transparent-header-meta":"","adv-header-id-meta":"","stick-header-meta":"","header-above-stick-meta":"","header-main-stick-meta":"","header-below-stick-meta":"","astra-migrate-meta-layouts":"set","ast-page-background-enabled":"default","ast-page-background-meta":{"desktop":{"background-color":"","background-image":"","background-repeat":"repeat","background-position":"center center","background-size":"auto","background-attachment":"scroll","background-type":"","background-media":"","overlay-type":"","overlay-color":"","overlay-opacity":"","overlay-gradient":""},"tablet":{"background-color":"","background-image":"","background-repeat":"repeat","background-position":"center center","background-size":"auto","background-attachment":"scroll","background-type":"","background-media":"","overlay-type":"","overlay-color":"","overlay-opacity":"","overlay-gradient":""},"mobile":{"background-color":"","background-image":"","background-repeat":"repeat","background-position":"center center","background-size":"auto","background-attachment":"scroll","background-type":"","background-media":"","overlay-type":"","overlay-color":"","overlay-opacity":"","overlay-gradient":""}},"ast-content-background-meta":{"desktop":{"background-color":"var(--ast-global-color-5)","background-image":"","background-repeat":"repeat","background-position":"center center","background-size":"auto","background-attachment":"scroll","background-type":"","background-media":"","overlay-type":"","overlay-color":"","overlay-opacity":"","overlay-gradient":""},"tablet":{"background-color":"var(--ast-global-color-5)","background-image":"","background-repeat":"repeat","background-position":"center center","background-size":"auto","background-attachment":"scroll","background-type":"","background-media":"","overlay-type":"","overlay-color":"","overlay-opacity":"","overlay-gradient":""},"mobile":{"background-color":"var(--ast-global-color-5)","background-image":"","background-repeat":"repeat","background-position":"center center","background-size":"auto","background-attachment":"scroll","background-type":"","background-media":"","overlay-type":"","overlay-color":"","overlay-opacity":"","overlay-gradient":""}},"footnotes":""},"categories":[10],"tags":[28,20,30,14,16,29,22,21],"class_list":["post-3715","post","type-post","status-publish","format-standard","has-post-thumbnail","hentry","category-noticias","tag-ana-gabriela-martinez","tag-campeonato-panamericano","tag-edwin-galicia","tag-guatemala","tag-irf","tag-maria-renee-rodriguez","tag-raquetball","tag-raquetbol"],"acf":[],"_links":{"self":[{"href":"https:\/\/raquetbol.com.gt\/home\/wp-json\/wp\/v2\/posts\/3715","targetHints":{"allow":["GET"]}}],"collection":[{"href":"https:\/\/raquetbol.com.gt\/home\/wp-json\/wp\/v2\/posts"}],"about":[{"href":"https:\/\/raquetbol.com.gt\/home\/wp-json\/wp\/v2\/types\/post"}],"author":[{"embeddable":true,"href":"https:\/\/raquetbol.com.gt\/home\/wp-json\/wp\/v2\/users\/2"}],"replies":[{"embeddable":true,"href":"https:\/\/raquetbol.com.gt\/home\/wp-json\/wp\/v2\/comments?post=3715"}],"version-history":[{"count":2,"href":"https:\/\/raquetbol.com.gt\/home\/wp-json\/wp\/v2\/posts\/3715\/revisions"}],"predecessor-version":[{"id":3718,"href":"https:\/\/raquetbol.com.gt\/home\/wp-json\/wp\/v2\/posts\/3715\/revisions\/3718"}],"wp:featuredmedia":[{"embeddable":true,"href":"https:\/\/raquetbol.com.gt\/home\/wp-json\/wp\/v2\/media\/3716"}],"wp:attachment":[{"href":"https:\/\/raquetbol.com.gt\/home\/wp-json\/wp\/v2\/media?parent=3715"}],"wp:term":[{"taxonomy":"category","embeddable":true,"href":"https:\/\/raquetbol.com.gt\/home\/wp-json\/wp\/v2\/categories?post=3715"},{"taxonomy":"post_tag","embeddable":true,"href":"https:\/\/raquetbol.com.gt\/home\/wp-json\/wp\/v2\/tags?post=3715"}],"curies":[{"name":"wp","href":"https:\/\/api.w.org\/{rel}","templated":true}]}}