{"id":3684,"date":"2025-03-06T18:59:11","date_gmt":"2025-03-06T18:59:11","guid":{"rendered":"https:\/\/raquetbol.com.gt\/home\/?p=3684"},"modified":"2025-03-06T18:59:25","modified_gmt":"2025-03-06T18:59:25","slug":"la-cita-es-en-minnesota-ee-uu","status":"publish","type":"post","link":"https:\/\/raquetbol.com.gt\/home\/2025\/03\/06\/la-cita-es-en-minnesota-ee-uu\/","title":{"rendered":"La cita es en Minnesota, EE.UU."},"content":{"rendered":"\n<p><strong>Tres raquetbolistas guatemaltecos: Jos\u00e9 C\u00e1ceres, Edwin Galicia<\/strong> y <strong>Juan Jos\u00e9 Salvatierra<\/strong> competir\u00e1n en la edici\u00f3n 2025 del <strong>Minnesota Racquetball Hall of Fame &#8211; IRT 700<\/strong>, evento v\u00e1lido por el <strong>International Racquetball Tour<\/strong>, el cual se disputar\u00e1 entre el <strong>jueves 6 y el domingo 9 de marzo.<\/strong><\/p>\n\n\n\n<p>El evento tiene como sede la <strong>Universidad de Minnesota<\/strong>, en Minne\u00e1polis,\u00a0Estados Unidos, y forma parte del plan de preparaci\u00f3n de los representantes nacionales para la disputa del <strong>XXXVI Campeonato Panamericano<\/strong>, el cual se disputar\u00e1 en <strong>Guatemala<\/strong>, entre <strong>el 11 y el 19 de abril.<\/strong><\/p>\n\n\n\n<p>Los tres fueron, en forma reciente, los ocupantes del <strong>podio<\/strong> del <strong>Selectivo Nacional<\/strong> que se celebr\u00f3 en las instalaciones de la <strong>Asociaci\u00f3n Nacional<\/strong> con <strong>Edwin<\/strong> y <strong>Juan<\/strong> como protagonistas de la <strong>gran final<\/strong>, en la que el <strong>primero sali\u00f3 avante<\/strong>; y <strong>Jos\u00e9<\/strong> que obtuvo el <strong>tercer puesto.<\/strong><\/p>\n\n\n\n<p>En la competencia, <strong>Jos\u00e9<\/strong> participar\u00e1 en <strong>Singles<\/strong> las categor\u00edas <strong>Open e IRT Pro<\/strong>; <strong>Edwin<\/strong> y <strong>Juan<\/strong> lo har\u00e1n en <strong>Singles<\/strong> y se unir\u00e1n para los <strong>Dobles<\/strong>, categor\u00eda <strong>IRT Pro.<\/strong><\/p>\n\n\n\n<p><\/p>\n","protected":false},"excerpt":{"rendered":"<p>Tres raquetbolistas guatemaltecos: Jos\u00e9 C\u00e1ceres, Edwin Galicia y Juan Jos\u00e9 Salvatierra competir\u00e1n en la edici\u00f3n 2025 del Minnesota Racquetball Hall of Fame &#8211; IRT 700, evento v\u00e1lido por el International Racquetball Tour, el cual se disputar\u00e1 entre el jueves 6 y el domingo 9 de marzo. El evento tiene como sede la Universidad de Minnesota, [&hellip;]<\/p>\n","protected":false},"author":2,"featured_media":3685,"comment_status":"open","ping_status":"open","sticky":false,"template":"","format":"standard","meta":{"_acf_changed":false,"site-sidebar-layout":"default","site-content-layout":"","ast-site-content-layout":"default","site-content-style":"default","site-sidebar-style":"default","ast-global-header-display":"","ast-banner-title-visibility":"","ast-main-header-display":"","ast-hfb-above-header-display":"","ast-hfb-below-header-display":"","ast-hfb-mobile-header-display":"","site-post-title":"","ast-breadcrumbs-content":"","ast-featured-img":"","footer-sml-layout":"","ast-disable-related-posts":"","theme-transparent-header-meta":"","adv-header-id-meta":"","stick-header-meta":"","header-above-stick-meta":"","header-main-stick-meta":"","header-below-stick-meta":"","astra-migrate-meta-layouts":"set","ast-page-background-enabled":"default","ast-page-background-meta":{"desktop":{"background-color":"","background-image":"","background-repeat":"repeat","background-position":"center center","background-size":"auto","background-attachment":"scroll","background-type":"","background-media":"","overlay-type":"","overlay-color":"","overlay-opacity":"","overlay-gradient":""},"tablet":{"background-color":"","background-image":"","background-repeat":"repeat","background-position":"center center","background-size":"auto","background-attachment":"scroll","background-type":"","background-media":"","overlay-type":"","overlay-color":"","overlay-opacity":"","overlay-gradient":""},"mobile":{"background-color":"","background-image":"","background-repeat":"repeat","background-position":"center center","background-size":"auto","background-attachment":"scroll","background-type":"","background-media":"","overlay-type":"","overlay-color":"","overlay-opacity":"","overlay-gradient":""}},"ast-content-background-meta":{"desktop":{"background-color":"var(--ast-global-color-5)","background-image":"","background-repeat":"repeat","background-position":"center center","background-size":"auto","background-attachment":"scroll","background-type":"","background-media":"","overlay-type":"","overlay-color":"","overlay-opacity":"","overlay-gradient":""},"tablet":{"background-color":"var(--ast-global-color-5)","background-image":"","background-repeat":"repeat","background-position":"center center","background-size":"auto","background-attachment":"scroll","background-type":"","background-media":"","overlay-type":"","overlay-color":"","overlay-opacity":"","overlay-gradient":""},"mobile":{"background-color":"var(--ast-global-color-5)","background-image":"","background-repeat":"repeat","background-position":"center center","background-size":"auto","background-attachment":"scroll","background-type":"","background-media":"","overlay-type":"","overlay-color":"","overlay-opacity":"","overlay-gradient":""}},"footnotes":""},"categories":[10],"tags":[20,30,14,45,44,33,38,22],"class_list":["post-3684","post","type-post","status-publish","format-standard","has-post-thumbnail","hentry","category-noticias","tag-campeonato-panamericano","tag-edwin-galicia","tag-guatemala","tag-international-racquetball-tour","tag-irt","tag-jose-caceres","tag-juan-salvatierra","tag-raquetball"],"acf":[],"_links":{"self":[{"href":"https:\/\/raquetbol.com.gt\/home\/wp-json\/wp\/v2\/posts\/3684","targetHints":{"allow":["GET"]}}],"collection":[{"href":"https:\/\/raquetbol.com.gt\/home\/wp-json\/wp\/v2\/posts"}],"about":[{"href":"https:\/\/raquetbol.com.gt\/home\/wp-json\/wp\/v2\/types\/post"}],"author":[{"embeddable":true,"href":"https:\/\/raquetbol.com.gt\/home\/wp-json\/wp\/v2\/users\/2"}],"replies":[{"embeddable":true,"href":"https:\/\/raquetbol.com.gt\/home\/wp-json\/wp\/v2\/comments?post=3684"}],"version-history":[{"count":1,"href":"https:\/\/raquetbol.com.gt\/home\/wp-json\/wp\/v2\/posts\/3684\/revisions"}],"predecessor-version":[{"id":3686,"href":"https:\/\/raquetbol.com.gt\/home\/wp-json\/wp\/v2\/posts\/3684\/revisions\/3686"}],"wp:featuredmedia":[{"embeddable":true,"href":"https:\/\/raquetbol.com.gt\/home\/wp-json\/wp\/v2\/media\/3685"}],"wp:attachment":[{"href":"https:\/\/raquetbol.com.gt\/home\/wp-json\/wp\/v2\/media?parent=3684"}],"wp:term":[{"taxonomy":"category","embeddable":true,"href":"https:\/\/raquetbol.com.gt\/home\/wp-json\/wp\/v2\/categories?post=3684"},{"taxonomy":"post_tag","embeddable":true,"href":"https:\/\/raquetbol.com.gt\/home\/wp-json\/wp\/v2\/tags?post=3684"}],"curies":[{"name":"wp","href":"https:\/\/api.w.org\/{rel}","templated":true}]}}