{"id":2842,"date":"2023-08-21T02:57:47","date_gmt":"2023-08-21T02:57:47","guid":{"rendered":"https:\/\/raquetbol.com.gt\/home\/?p=2842"},"modified":"2023-08-21T02:57:47","modified_gmt":"2023-08-21T02:57:47","slug":"se-define-el-equipo-que-competira-en-santiago-2023","status":"publish","type":"post","link":"https:\/\/raquetbol.com.gt\/home\/2023\/08\/21\/se-define-el-equipo-que-competira-en-santiago-2023\/","title":{"rendered":"Se define el equipo que competir\u00e1 en santiago 2023"},"content":{"rendered":"\n<p>El <strong>II Campeonato Nacional clasific\u00f3 a cuatro competidores<\/strong> que participar\u00e1n en los <strong>XIX Juegos Panamericanos &#8211; Santiago 2023.<\/strong><\/p>\n\n\n\n<p>Durante tres d\u00edas y con la participaci\u00f3n de <strong>16 jugadores<\/strong> se llev\u00f3 a cabo la segunda edici\u00f3n del <strong>Campeonato Nacional &#8211; Categor\u00eda Mayor,<\/strong> el cual sirvi\u00f3 tambi\u00e9n como <strong>Selectivo Nacional <\/strong>para la pr\u00f3xima cita en el actual <strong>Ciclo Ol\u00edmpico<\/strong>, la cual tendr\u00e1 lugar en <strong>Santiago de Chile.<\/strong><\/p>\n\n\n\n<p>Despu\u00e9s de una intensa competencia cuatro jugadores: <strong>Ana Gabriela Mart\u00ednez, Mar\u00eda Ren\u00e9e Rodr\u00edguez, Edwin Galicia y Juan Jos\u00e9 Salvatierra<\/strong>, se hicieron con las <strong>cuatro plazas, dos en cada rama<\/strong>, a las que Guatemala accedi\u00f3 luego de la participaci\u00f3n en el <strong>XXXIV Campeonato Panamericano<\/strong> que se celebr\u00f3 en nuestro pa\u00eds, en marzo.<\/p>\n\n\n\n<p>En la <strong>competencia para damas,<\/strong> en su camino a la final, <strong>Gaby<\/strong> termin\u00f3 primera en el <strong>grupo A<\/strong> al vencer a <strong>Jazm\u00edn Aguilar, Andrea Reyes <\/strong>y <strong>Jamyleth Sipac<\/strong>; <strong>Mar\u00eda Ren\u00e9e<\/strong> lo logr\u00f3 como ganadora del grupo B, en el que super\u00f3 a <strong>Anna Paula Aguilar, Andrea Mart\u00ednez<\/strong> e <strong>Isabella Wer.<\/strong><\/p>\n\n\n\n<p>En la ronda de <strong>semifinales<\/strong>, <strong>Gaby<\/strong> super\u00f3 en el choque de <strong>hermanas<\/strong> a <strong>Andrea Mart\u00ednez<\/strong>, y <strong>Mar\u00eda Ren\u00e9e<\/strong> a <strong>Andrea Reyes<\/strong>, para citarse en la gran final en la que Gaby se <strong>impuso 3-0<\/strong> con parciales de 11-3, 13-11 y 11-2. En el juego que defini\u00f3 el <strong>tercer puesto, Andrea Reyes<\/strong> gan\u00f3 ante <strong>Andrea Mart\u00ednez.<\/strong><\/p>\n\n\n\n<p>En la <strong>contienda para varones,<\/strong> <strong>Juan<\/strong> concluy\u00f3 como vencedor del <strong>grupo A<\/strong> en el que derrot\u00f3 a <strong>Jos\u00e9 C\u00e1ceres, Geovani Mendoza y Bayron Rosil;<\/strong> <strong>Edwin<\/strong> termin\u00f3 al tope del <strong>grupo B<\/strong> al haber vencido a <strong>Christian Wer, Alex Sierra<\/strong> y <strong>Luis P\u00e9rez.<\/strong><\/p>\n\n\n\n<p>En las <strong>semifinales, Edwin<\/strong> y <strong>Juan<\/strong> salieron avante frente a <strong>C\u00e1ceres<\/strong> y <strong>Wer<\/strong> para avanzar a la disputa del cetro. En el cierre, <strong>Edwin<\/strong> termin\u00f3 con la mejor parte al imponerse por <strong>3-1<\/strong>, con parciales de 11-4, 7-11, 11-9 y 11-8. El tercer puesto lo obtuvo <strong>Jos\u00e9 C\u00e1ceres<\/strong> por delante de <strong>Christian Wer.<\/strong><\/p>\n\n\n\n<p>En los <strong>Juegos Panamericanos<\/strong>, la competencia tendr\u00e1 lugar entre <strong>el 21 y el 26 de octubre<\/strong> en el <strong>Centro Deportivo de las Raquetas,<\/strong> en \u00d1u\u00f1oa.<\/p>\n\n\n\n<p>El antecedente y <strong>mejor resultado<\/strong> para atletas guatemaltecos en la historia de <strong>estas justas<\/strong> lleg\u00f3 en <strong>2019<\/strong> en <strong>Lima, Per\u00fa,<\/strong> en donde <strong>Ana Gabriela Mart\u00ednez<\/strong> y <strong>Mar\u00eda Ren\u00e9e Rodr\u00edguez<\/strong> obtuvieron la <strong>medalla de plata<\/strong> en los <strong>dobles<\/strong>.<\/p>\n","protected":false},"excerpt":{"rendered":"<p>El II Campeonato Nacional clasific\u00f3 a cuatro competidores que participar\u00e1n en los XIX Juegos Panamericanos &#8211; Santiago 2023. Durante tres d\u00edas y con la participaci\u00f3n de 16 jugadores se llev\u00f3 a cabo la segunda edici\u00f3n del Campeonato Nacional &#8211; Categor\u00eda Mayor, el cual sirvi\u00f3 tambi\u00e9n como Selectivo Nacional para la pr\u00f3xima cita en el actual [&hellip;]<\/p>\n","protected":false},"author":2,"featured_media":2843,"comment_status":"open","ping_status":"open","sticky":false,"template":"","format":"standard","meta":{"_acf_changed":false,"site-sidebar-layout":"default","site-content-layout":"","ast-site-content-layout":"default","site-content-style":"default","site-sidebar-style":"default","ast-global-header-display":"","ast-banner-title-visibility":"","ast-main-header-display":"","ast-hfb-above-header-display":"","ast-hfb-below-header-display":"","ast-hfb-mobile-header-display":"","site-post-title":"","ast-breadcrumbs-content":"","ast-featured-img":"","footer-sml-layout":"","ast-disable-related-posts":"","theme-transparent-header-meta":"","adv-header-id-meta":"","stick-header-meta":"","header-above-stick-meta":"","header-main-stick-meta":"","header-below-stick-meta":"","astra-migrate-meta-layouts":"default","ast-page-background-enabled":"default","ast-page-background-meta":{"desktop":{"background-color":"","background-image":"","background-repeat":"repeat","background-position":"center center","background-size":"auto","background-attachment":"scroll","background-type":"","background-media":"","overlay-type":"","overlay-color":"","overlay-opacity":"","overlay-gradient":""},"tablet":{"background-color":"","background-image":"","background-repeat":"repeat","background-position":"center center","background-size":"auto","background-attachment":"scroll","background-type":"","background-media":"","overlay-type":"","overlay-color":"","overlay-opacity":"","overlay-gradient":""},"mobile":{"background-color":"","background-image":"","background-repeat":"repeat","background-position":"center center","background-size":"auto","background-attachment":"scroll","background-type":"","background-media":"","overlay-type":"","overlay-color":"","overlay-opacity":"","overlay-gradient":""}},"ast-content-background-meta":{"desktop":{"background-color":"var(--ast-global-color-5)","background-image":"","background-repeat":"repeat","background-position":"center center","background-size":"auto","background-attachment":"scroll","background-type":"","background-media":"","overlay-type":"","overlay-color":"","overlay-opacity":"","overlay-gradient":""},"tablet":{"background-color":"var(--ast-global-color-5)","background-image":"","background-repeat":"repeat","background-position":"center center","background-size":"auto","background-attachment":"scroll","background-type":"","background-media":"","overlay-type":"","overlay-color":"","overlay-opacity":"","overlay-gradient":""},"mobile":{"background-color":"var(--ast-global-color-5)","background-image":"","background-repeat":"repeat","background-position":"center center","background-size":"auto","background-attachment":"scroll","background-type":"","background-media":"","overlay-type":"","overlay-color":"","overlay-opacity":"","overlay-gradient":""}},"footnotes":""},"categories":[10],"tags":[28,25,19,30,14,38,24,29,22,21,39],"class_list":["post-2842","post","type-post","status-publish","format-standard","has-post-thumbnail","hentry","category-noticias","tag-ana-gabriela-martinez","tag-campeonato-nacional","tag-categoria-mayor","tag-edwin-galicia","tag-guatemala","tag-juan-salvatierra","tag-juegos-panamericanos","tag-maria-renee-rodriguez","tag-raquetball","tag-raquetbol","tag-santiago-2023"],"acf":[],"_links":{"self":[{"href":"https:\/\/raquetbol.com.gt\/home\/wp-json\/wp\/v2\/posts\/2842","targetHints":{"allow":["GET"]}}],"collection":[{"href":"https:\/\/raquetbol.com.gt\/home\/wp-json\/wp\/v2\/posts"}],"about":[{"href":"https:\/\/raquetbol.com.gt\/home\/wp-json\/wp\/v2\/types\/post"}],"author":[{"embeddable":true,"href":"https:\/\/raquetbol.com.gt\/home\/wp-json\/wp\/v2\/users\/2"}],"replies":[{"embeddable":true,"href":"https:\/\/raquetbol.com.gt\/home\/wp-json\/wp\/v2\/comments?post=2842"}],"version-history":[{"count":1,"href":"https:\/\/raquetbol.com.gt\/home\/wp-json\/wp\/v2\/posts\/2842\/revisions"}],"predecessor-version":[{"id":2844,"href":"https:\/\/raquetbol.com.gt\/home\/wp-json\/wp\/v2\/posts\/2842\/revisions\/2844"}],"wp:featuredmedia":[{"embeddable":true,"href":"https:\/\/raquetbol.com.gt\/home\/wp-json\/wp\/v2\/media\/2843"}],"wp:attachment":[{"href":"https:\/\/raquetbol.com.gt\/home\/wp-json\/wp\/v2\/media?parent=2842"}],"wp:term":[{"taxonomy":"category","embeddable":true,"href":"https:\/\/raquetbol.com.gt\/home\/wp-json\/wp\/v2\/categories?post=2842"},{"taxonomy":"post_tag","embeddable":true,"href":"https:\/\/raquetbol.com.gt\/home\/wp-json\/wp\/v2\/tags?post=2842"}],"curies":[{"name":"wp","href":"https:\/\/api.w.org\/{rel}","templated":true}]}}